{"provider_url": "https://www.felipeguerra.rn.leg.br", "title": "Sess\u00e3o Ordin\u00e1ria", "html": "<p style=\"text-align: justify; \">Aos 06 dias do m\u00eas de Novembro do ano de 2018 (dois mil e dezoito), reuniram-se ordinariamente no Pal\u00e1cio Vereador Joel Canela, sob a Presid\u00eancia do Senhor Vereador <b>Pedro Alves Cabral Neto, </b>que ao constatar a presen\u00e7a dos senhores Vereadores:<b> Djalma Laurindo da Silva J\u00fanior, Francisco Canind\u00e9 de Menezes, Genilson Santana de Nogueira, J\u00e2nio Nilson Silveira Barra, Marcos Aur\u00e9lio Alves de Morais, Max Iram de Morais, Ronaldo Luciano da Costa. Ausente o vereador Francisco Ubiracy Feitosa Pascoal. </b>O Presidente declara aberta a sess\u00e3o convidando o segundo secret\u00e1rio a fazer a leitura da ata anterior que depois de lida foi aprovada por Vereadores presentes. <b>No Pequeno Expediente: </b>Foram lidas as mat\u00e9rias em pauta: <b>Of\u00edcio n\u00ba 013/2018, </b>encaminhando o <b>Projeto de Lei Complementar n\u00ba</b> <b>07/2018, </b>que disp\u00f5e sobre altera\u00e7\u00f5es na <b>Lei complementar n\u00ba 320/2013</b>, na forma que especifica e das outras provid\u00eancias. <b>Indica\u00e7\u00f5es n\u00ba 012, 013/2018</b>, do Vereador <b>Max Iran de Morais</b>. \u00a0<b>No Grande Expediente:</b> O Vereador<b> J\u00e2nio Nilson Silveira Barra, </b>cumprimentou o presidente, colegas Vereadores e amigos presentes. Iniciou falando da unidade de sa\u00fade do munic\u00edpio dizendo que todas as vezes que procurou foi bem atendido, mas deixava registrado a falta de respeito da gest\u00e3o p\u00fablica e da secretaria de sa\u00fade em permitir que uma estagiaria do munic\u00edpio, repasse rem\u00e9dio sem carimbo do CRN, disse ter levado o assunto ao Minist\u00e9rio p\u00fablico para que provid\u00eancias sejam tomadas. Falou que na casa tem nove vereadores e precisam cuidar do povo do munic\u00edpio n\u00e3o deixando que aconte\u00e7am fatos dessa natureza. Falou sobre a elei\u00e7\u00e3o da mesa diretora que todos os colegas tem o direito de sentar na cadeira de presidente, est\u00e1 \u00e0 disposi\u00e7\u00e3o para escolher qualquer colega vereador que tenha propostas e objetivos, mas deixava registrado que ser\u00e1 candidato a presid\u00eancia da casa como todos s\u00e3o. Agradecia a participa\u00e7\u00e3o. \u00a0<b>Marcos Aur\u00e9lio Alves de</b> <b>Morais,</b> iniciou cumprimentando o presidente e demais vereadores, agradecendo a presen\u00e7a de todos na casa e os ouvintes que acompanham a sess\u00e3o pelas redes sociais. Ouviu atentas as palavras do colega J\u00e2nio Barra e considerava o assunto grave, precisando saber dessas informa\u00e7\u00f5es para ser corrigidas, pois, isso n\u00e3o pode acontecer no munic\u00edpio. Comentou sobre a energia solar que \u00e9 muito importante e ser\u00e1 muito \u00fatil para a agricultura, e os agricultores ter\u00e3o suas rendas. Falou das medidas tomadas pelo Prefeito, pois, todos sabem das dificuldades que o munic\u00edpio vem enfrentando, e como vereador e representante do povo disse que ningu\u00e9m toma medidas para desempregar algu\u00e9m se n\u00e3o for obrigado, mas que essas medidas amargas tinham que ser tomadas esperava que as pessoas entendessem o gestor, pois, o munic\u00edpio esta passando por um momento de dificuldades, mas espera que volte a ter dias melhores. O Vereador<b> Pedro Alves</b> <b>Cabral Neto,</b> cumprimentou os colegas Vereadores, ouvintes das redes sociais, amigo Cosmo, blogueiros e demais presentes no plen\u00e1rio. Usava a tribuna para comunicar os colegas vereadores que iria convocar o secret\u00e1rio de agricultura; Fernando, para vir \u00e0 casa prestar alguns esclarecimentos. Iria convocar tamb\u00e9m o delegado para que possa tomar provid\u00eancias a respeito dos menores andando de moto, em bares e em outras demandas. Falou sobre a parede da barragem dizendo que fez visita juntamente com algumas pessoas e l\u00e1 constataram uma situa\u00e7\u00e3o grave, mas que conversou com o secretario de obras que lhe foi informado que s\u00e1bado e domingo, os servi\u00e7os ser\u00e3o feitos. Era o que tinha para compartilhar com os colegas. \u00a0O Vereador<b> Max Iran de Morais,</b> cumprimentou o presidente da casa, os vereadores e demais pessoas presentes no plen\u00e1rio. Iniciou falando das Indica\u00e7\u00f5es que deu entrada na casa pedindo o apoio dos colegas em sua aprova\u00e7\u00e3o que \u00e9 muito importante. Em nome da Igreja de Cristo da comunidade de Santana, convidava os colegas para participar das festividades no dia 17 do corrente m\u00eas, pelos seus 76 anos de hist\u00f3ria na comunidade. Solicitava da secretaria de obras a reposi\u00e7\u00e3o de l\u00e2mpadas na comunidade de Santana que est\u00e1 \u00e0s escuras, e que n\u00e3o est\u00e1 pedindo favor, mas cobrando o direito da sociedade que paga taxa de ilumina\u00e7\u00e3o p\u00fablica e como representante do povo tem que fiscalizar e cobrar. J\u00e1 fez Requerimento e at\u00e9 agora nada resolvido. Sobre o hospital, lamenta muito, pois, \u00e9 irresponsabilidade uma estagiaria atender o povo dessa forma. Prestou contas de suas atividades na casa como Legislador, trabalhando pelo povo e para o povo. Falou sobre a amplia\u00e7\u00e3o do natal feliz do povo de Felipe Guerra. Esperava que suas reinvindica\u00e7\u00f5es fossem atendidas, pois quem ganha \u00e9 o povo. <b>Na Ordem do Dia: </b>N\u00e3o houve mat\u00e9rias para vota\u00e7\u00e3o. \u00a0<b>Na Hora da Comunidade:</b> Nenhum Inscrito para uso da palavra. <b>Nas Explica\u00e7\u00f5es Pessoais:</b> Fez uso os vereadores <b>Marcos Aur\u00e9lio Alves de Morais, Pedro Alves Cabral Neto</b>. O Presidente da casa agradeceu a presen\u00e7a de todos. \u00a0E como n\u00e3o havia mais nada para o momento a sess\u00e3o foi encerrada. Eu______________ 2\u00ba segundo secret\u00e1rio transcrevi a presente ata que vai assinada por mim, pelo presidente e demais vereadores presentes.\u00a0</p>\r\n<p style=\"text-align: right; \">Sala das Sess\u00f5es Vereador Domilson Cris\u00f3stomo da Silva. C\u00e2mara Municipal de Felipe Guerra/RN, em 06 de novembro de 2018.</p>", "author_name": "", "version": "1.0", "author_url": "https://www.felipeguerra.rn.leg.br/author/feg", "provider_name": "C\u00e2mara Municipal de Felipe Guerra/RN ", "type": "rich"}